{"id":2056,"date":"2013-05-02T12:28:28","date_gmt":"2013-05-02T10:28:28","guid":{"rendered":"https:\/\/www.opinea.es\/?p=2056"},"modified":"2023-09-12T10:25:48","modified_gmt":"2023-09-12T08:25:48","slug":"made-in-spain","status":"publish","type":"post","link":"https:\/\/www.opinea.com\/es\/actualidad\/made-in-spain\/","title":{"rendered":"Productos \"MADE IN SPAIN\""},"content":{"rendered":"<p><strong>La etiqueta \"Made in Spain\", una ventaja competitiva<\/strong><\/p>\n<p>Los temas de la crisis y del paro son hoy importantes motivos en la pol\u00edtica del desarrollo econ\u00f3mico. La idea es favorecer la producci\u00f3n en Espa\u00f1a y limitar al m\u00e1ximo los fen\u00f3menos de deslocalizaci\u00f3n particularmente incitando a los consumidores a comprar los productos fabricados localmente. Pero, para las empresas que se cuestionan la problem\u00e1tica de la localizaci\u00f3n de su producci\u00f3n, algunas preguntas han quedado sin respuestas: \u00bfHasta qu\u00e9 punto los espa\u00f1oles le conceden importancia al lugar de fabricaci\u00f3n de los productos que compran? \u00bfY en qu\u00e9 medida est\u00e1n dispuestos a pagar m\u00e1s caro por un producto fabricado en Espa\u00f1a?<\/p>\n<p>Principal ense\u00f1anza: Cerca de un 80% de la poblaci\u00f3n espa\u00f1ola estima que el hecho de que un producto haya sido fabricado en Espa\u00f1a juega un papel importante en su decisi\u00f3n de compra. Un 78 % est\u00e1n dispuestos a pagar m\u00e1s caro por un producto equivalente fabricado en Espa\u00f1a.<\/p>\n<p><strong>El \u00ab Made in Spain\u00bb, un creciente inter\u00e9s que aumenta con la edad<\/strong><\/p>\n<p>Cerca de m\u00e1s de un 80% (un 81%) de la poblaci\u00f3n espa\u00f1ola estima que el hecho de que un producto haya sido fabricado en Espa\u00f1a juega un papel importante en su decisi\u00f3n de compra. Esta toma en consideraci\u00f3n del \u201cMade in Spain\u201d var\u00eda considerablemente seg\u00fan la edad y tiende a disminuir entre las generaciones m\u00e1s j\u00f3venes. En efecto, mientras que solamente el 68% de las personas entre los 18 y 24 a\u00f1os declaran tomar en consideraci\u00f3n el hecho de que el producto que compran haya sido fabricado en Espa\u00f1a, esta proporci\u00f3n alcanza el 83% de las personas que tienen entre 35 y 44 a\u00f1os, e incluso va m\u00e1s all\u00e1 del 86% entre las personas mayores. Sea como sea, el porcentaje es elevado en cualquier grupo de edad y muestra que existe una fuerte toma de consciencia sobre la cuesti\u00f3n de la localizaci\u00f3n de la producci\u00f3n de los productos que se consumen<\/p>\n<p><strong>La prima al \u00ab Made in Spain \u00bb<\/strong><\/p>\n<p>Cerca de un 78% de los espa\u00f1oles se declaran dispuestos a pagar m\u00e1s caro por un producto equivalente fabricado en Espa\u00f1a. Entre \u00e9stos \u00faltimos, el 46% est\u00e1n dispuestos a consentir un extra de al menos 10% del precio por un bien producido en Espa\u00f1a. As\u00ed pues, existe una verdadera prima al \u201cMade in Spain\u201d, que revela, por un lado, la voluntad de los espa\u00f1oles en apoyar un consumo responsable para su econom\u00eda, y que, por otro lado, representa una verdadera ventaja competitiva para las empresas que favorecen la producci\u00f3n en Espa\u00f1a frente a la deslocalizaci\u00f3n.<\/p>\n<p><strong>El \u00ab Made in Europe \u00bb, una opini\u00f3n dividida<\/strong><\/p>\n<p>Sin embargo, no todos los espa\u00f1oles le atribuyen la misma importancia al \u201cMade in Europe\u201d. En efecto, solamente un 43% estima que le resulta igual que el producto que compra haya sido producido en Espa\u00f1a o que haya sido producido en Europa. El entusiasmo se revela con mucha menos fuerza por parte de los productos europeos que por los productos espa\u00f1oles \u2013 un hecho que muestra claramente que no se ha adquirido todav\u00eda el sentido de pertenencia y el sentimiento de integraci\u00f3n a la Uni\u00f3n Europea.<\/p>\n<p><em>Este estudio se realiz\u00f3 entre el 26 y el 29 de abril de 2013 mediante nuestro \u00f3mnibus FlashFacts y en nuestro Access Panel online. Se trata de una muestra de 1015 informantes, representativa de la poblaci\u00f3n espa\u00f1ola de 18 a 65 a\u00f1os.<\/em><\/p>\n<p style=\"text-align: center;\"><a title=\"Contact\" href=\"https:\/\/www.opinea.com\/es\/contacto\/\"><strong>\u00a1Contacte con nosotros para mayor informaci\u00f3n!<\/strong><\/a><\/p>\n<p><!--:--><\/p>\n","protected":false},"excerpt":{"rendered":"<p>La etiqueta \"Made in Spain\", una ventaja competitiva Los temas de la crisis y del paro son hoy importantes motivos en la pol\u00edtica del desarrollo econ\u00f3mico. La idea es favorecer la producci\u00f3n en Espa\u00f1a y limitar al m\u00e1ximo los fen\u00f3menos de deslocalizaci\u00f3n particularmente incitando a los consumidores a comprar los productos fabricados localmente. Pero, para [&hellip;]<\/p>\n","protected":false},"author":8,"featured_media":4344,"comment_status":"closed","ping_status":"open","sticky":false,"template":"","format":"standard","meta":{"footnotes":""},"categories":[66],"tags":[],"acf":[],"yoast_head":"<!-- This site is optimized with the Yoast SEO plugin v21.9.1 - https:\/\/yoast.com\/wordpress\/plugins\/seo\/ -->\r\n<title>Productos &quot;MADE IN SPAIN&quot; - Opinea<\/title>\r\n<meta name=\"robots\" content=\"index, follow, max-snippet:-1, max-image-preview:large, max-video-preview:-1\" \/>\r\n<link rel=\"canonical\" href=\"https:\/\/www.opinea.com\/es\/actualidad\/made-in-spain\/\" \/>\r\n<meta property=\"og:locale\" content=\"es_ES\" \/>\r\n<meta property=\"og:type\" content=\"article\" \/>\r\n<meta property=\"og:title\" content=\"Productos &quot;MADE IN SPAIN&quot; - Opinea\" \/>\r\n<meta property=\"og:description\" content=\"La etiqueta &quot;Made in Spain&quot;, una ventaja competitiva Los temas de la crisis y del paro son hoy importantes motivos en la pol\u00edtica del desarrollo econ\u00f3mico. La idea es favorecer la producci\u00f3n en Espa\u00f1a y limitar al m\u00e1ximo los fen\u00f3menos de deslocalizaci\u00f3n particularmente incitando a los consumidores a comprar los productos fabricados localmente. Pero, para [&hellip;]\" \/>\r\n<meta property=\"og:url\" content=\"https:\/\/www.opinea.com\/es\/actualidad\/made-in-spain\/\" \/>\r\n<meta property=\"og:site_name\" content=\"Opinea\" \/>\r\n<meta property=\"article:published_time\" content=\"2013-05-02T10:28:28+00:00\" \/>\r\n<meta property=\"article:modified_time\" content=\"2023-09-12T08:25:48+00:00\" \/>\r\n<meta property=\"og:image\" content=\"https:\/\/www.opinea.com\/wp-content\/uploads\/2013\/05\/made-in-spain-1.jpg\" \/>\r\n\t<meta property=\"og:image:width\" content=\"1922\" \/>\r\n\t<meta property=\"og:image:height\" content=\"680\" \/>\r\n\t<meta property=\"og:image:type\" content=\"image\/jpeg\" \/>\r\n<meta name=\"author\" content=\"Alex\" \/>\r\n<meta name=\"twitter:card\" content=\"summary_large_image\" \/>\r\n<meta name=\"twitter:label1\" content=\"Escrito por\" \/>\n\t<meta name=\"twitter:data1\" content=\"Alex\" \/>\n\t<meta name=\"twitter:label2\" content=\"Tiempo de lectura\" \/>\n\t<meta name=\"twitter:data2\" content=\"3 minutos\" \/>\r\n<script type=\"application\/ld+json\" class=\"yoast-schema-graph\">{\"@context\":\"https:\/\/schema.org\",\"@graph\":[{\"@type\":\"Article\",\"@id\":\"https:\/\/www.opinea.com\/es\/actualidad\/made-in-spain\/#article\",\"isPartOf\":{\"@id\":\"https:\/\/www.opinea.com\/es\/actualidad\/made-in-spain\/\"},\"author\":{\"name\":\"Alex\",\"@id\":\"https:\/\/www.opinea.com\/es\/#\/schema\/person\/341d4bd7338c9c1a8506abe3d472e339\"},\"headline\":\"Productos \\\"MADE IN SPAIN\\\"\",\"datePublished\":\"2013-05-02T10:28:28+00:00\",\"dateModified\":\"2023-09-12T08:25:48+00:00\",\"mainEntityOfPage\":{\"@id\":\"https:\/\/www.opinea.com\/es\/actualidad\/made-in-spain\/\"},\"wordCount\":605,\"publisher\":{\"@id\":\"https:\/\/www.opinea.com\/es\/#organization\"},\"articleSection\":[\"Actualidad\"],\"inLanguage\":\"es\"},{\"@type\":\"WebPage\",\"@id\":\"https:\/\/www.opinea.com\/es\/actualidad\/made-in-spain\/\",\"url\":\"https:\/\/www.opinea.com\/es\/actualidad\/made-in-spain\/\",\"name\":\"Productos \\\"MADE IN SPAIN\\\" - Opinea\",\"isPartOf\":{\"@id\":\"https:\/\/www.opinea.com\/es\/#website\"},\"datePublished\":\"2013-05-02T10:28:28+00:00\",\"dateModified\":\"2023-09-12T08:25:48+00:00\",\"breadcrumb\":{\"@id\":\"https:\/\/www.opinea.com\/es\/actualidad\/made-in-spain\/#breadcrumb\"},\"inLanguage\":\"es\",\"potentialAction\":[{\"@type\":\"ReadAction\",\"target\":[\"https:\/\/www.opinea.com\/es\/actualidad\/made-in-spain\/\"]}]},{\"@type\":\"BreadcrumbList\",\"@id\":\"https:\/\/www.opinea.com\/es\/actualidad\/made-in-spain\/#breadcrumb\",\"itemListElement\":[{\"@type\":\"ListItem\",\"position\":1,\"name\":\"Inicio\",\"item\":\"https:\/\/www.opinea.com\/es\/\"},{\"@type\":\"ListItem\",\"position\":2,\"name\":\"Productos \\\"MADE IN SPAIN\\\"\"}]},{\"@type\":\"WebSite\",\"@id\":\"https:\/\/www.opinea.com\/es\/#website\",\"url\":\"https:\/\/www.opinea.com\/es\/\",\"name\":\"Opin\u00e9a\",\"description\":\"Institut d\u2019\u00e9tudes marketing\",\"publisher\":{\"@id\":\"https:\/\/www.opinea.com\/es\/#organization\"},\"potentialAction\":[{\"@type\":\"SearchAction\",\"target\":{\"@type\":\"EntryPoint\",\"urlTemplate\":\"https:\/\/www.opinea.com\/es\/?s={search_term_string}\"},\"query-input\":\"required name=search_term_string\"}],\"inLanguage\":\"es\"},{\"@type\":\"Organization\",\"@id\":\"https:\/\/www.opinea.com\/es\/#organization\",\"name\":\"Opin\u00e9a\",\"url\":\"https:\/\/www.opinea.com\/es\/\",\"logo\":{\"@type\":\"ImageObject\",\"inLanguage\":\"es\",\"@id\":\"https:\/\/www.opinea.com\/es\/#\/schema\/logo\/image\/\",\"url\":\"\",\"contentUrl\":\"\",\"caption\":\"Opin\u00e9a\"},\"image\":{\"@id\":\"https:\/\/www.opinea.com\/es\/#\/schema\/logo\/image\/\"},\"sameAs\":[\"https:\/\/fr.linkedin.com\/company\/opinea\"]},{\"@type\":\"Person\",\"@id\":\"https:\/\/www.opinea.com\/es\/#\/schema\/person\/341d4bd7338c9c1a8506abe3d472e339\",\"name\":\"Alex\",\"image\":{\"@type\":\"ImageObject\",\"inLanguage\":\"es\",\"@id\":\"https:\/\/www.opinea.com\/es\/#\/schema\/person\/image\/\",\"url\":\"https:\/\/secure.gravatar.com\/avatar\/46ce3ad066004b23b164448491788201?s=96&d=mm&r=g\",\"contentUrl\":\"https:\/\/secure.gravatar.com\/avatar\/46ce3ad066004b23b164448491788201?s=96&d=mm&r=g\",\"caption\":\"Alex\"}}]}<\/script>\r\n<!-- \/ Yoast SEO plugin. -->","yoast_head_json":{"title":"Productos \"MADE IN SPAIN\" - Opinea","robots":{"index":"index","follow":"follow","max-snippet":"max-snippet:-1","max-image-preview":"max-image-preview:large","max-video-preview":"max-video-preview:-1"},"canonical":"https:\/\/www.opinea.com\/es\/actualidad\/made-in-spain\/","og_locale":"es_ES","og_type":"article","og_title":"Productos \"MADE IN SPAIN\" - Opinea","og_description":"La etiqueta \"Made in Spain\", una ventaja competitiva Los temas de la crisis y del paro son hoy importantes motivos en la pol\u00edtica del desarrollo econ\u00f3mico. La idea es favorecer la producci\u00f3n en Espa\u00f1a y limitar al m\u00e1ximo los fen\u00f3menos de deslocalizaci\u00f3n particularmente incitando a los consumidores a comprar los productos fabricados localmente. Pero, para [&hellip;]","og_url":"https:\/\/www.opinea.com\/es\/actualidad\/made-in-spain\/","og_site_name":"Opinea","article_published_time":"2013-05-02T10:28:28+00:00","article_modified_time":"2023-09-12T08:25:48+00:00","og_image":[{"width":1922,"height":680,"url":"https:\/\/www.opinea.com\/wp-content\/uploads\/2013\/05\/made-in-spain-1.jpg","type":"image\/jpeg"}],"author":"Alex","twitter_card":"summary_large_image","twitter_misc":{"Escrito por":"Alex","Tiempo de lectura":"3 minutos"},"schema":{"@context":"https:\/\/schema.org","@graph":[{"@type":"Article","@id":"https:\/\/www.opinea.com\/es\/actualidad\/made-in-spain\/#article","isPartOf":{"@id":"https:\/\/www.opinea.com\/es\/actualidad\/made-in-spain\/"},"author":{"name":"Alex","@id":"https:\/\/www.opinea.com\/es\/#\/schema\/person\/341d4bd7338c9c1a8506abe3d472e339"},"headline":"Productos \"MADE IN SPAIN\"","datePublished":"2013-05-02T10:28:28+00:00","dateModified":"2023-09-12T08:25:48+00:00","mainEntityOfPage":{"@id":"https:\/\/www.opinea.com\/es\/actualidad\/made-in-spain\/"},"wordCount":605,"publisher":{"@id":"https:\/\/www.opinea.com\/es\/#organization"},"articleSection":["Actualidad"],"inLanguage":"es"},{"@type":"WebPage","@id":"https:\/\/www.opinea.com\/es\/actualidad\/made-in-spain\/","url":"https:\/\/www.opinea.com\/es\/actualidad\/made-in-spain\/","name":"Productos \"MADE IN SPAIN\" - Opinea","isPartOf":{"@id":"https:\/\/www.opinea.com\/es\/#website"},"datePublished":"2013-05-02T10:28:28+00:00","dateModified":"2023-09-12T08:25:48+00:00","breadcrumb":{"@id":"https:\/\/www.opinea.com\/es\/actualidad\/made-in-spain\/#breadcrumb"},"inLanguage":"es","potentialAction":[{"@type":"ReadAction","target":["https:\/\/www.opinea.com\/es\/actualidad\/made-in-spain\/"]}]},{"@type":"BreadcrumbList","@id":"https:\/\/www.opinea.com\/es\/actualidad\/made-in-spain\/#breadcrumb","itemListElement":[{"@type":"ListItem","position":1,"name":"Inicio","item":"https:\/\/www.opinea.com\/es\/"},{"@type":"ListItem","position":2,"name":"Productos \"MADE IN SPAIN\""}]},{"@type":"WebSite","@id":"https:\/\/www.opinea.com\/es\/#website","url":"https:\/\/www.opinea.com\/es\/","name":"Opin\u00e9a","description":"Institut d\u2019\u00e9tudes marketing","publisher":{"@id":"https:\/\/www.opinea.com\/es\/#organization"},"potentialAction":[{"@type":"SearchAction","target":{"@type":"EntryPoint","urlTemplate":"https:\/\/www.opinea.com\/es\/?s={search_term_string}"},"query-input":"required name=search_term_string"}],"inLanguage":"es"},{"@type":"Organization","@id":"https:\/\/www.opinea.com\/es\/#organization","name":"Opin\u00e9a","url":"https:\/\/www.opinea.com\/es\/","logo":{"@type":"ImageObject","inLanguage":"es","@id":"https:\/\/www.opinea.com\/es\/#\/schema\/logo\/image\/","url":"","contentUrl":"","caption":"Opin\u00e9a"},"image":{"@id":"https:\/\/www.opinea.com\/es\/#\/schema\/logo\/image\/"},"sameAs":["https:\/\/fr.linkedin.com\/company\/opinea"]},{"@type":"Person","@id":"https:\/\/www.opinea.com\/es\/#\/schema\/person\/341d4bd7338c9c1a8506abe3d472e339","name":"Alex","image":{"@type":"ImageObject","inLanguage":"es","@id":"https:\/\/www.opinea.com\/es\/#\/schema\/person\/image\/","url":"https:\/\/secure.gravatar.com\/avatar\/46ce3ad066004b23b164448491788201?s=96&d=mm&r=g","contentUrl":"https:\/\/secure.gravatar.com\/avatar\/46ce3ad066004b23b164448491788201?s=96&d=mm&r=g","caption":"Alex"}}]}},"_links":{"self":[{"href":"https:\/\/www.opinea.com\/es\/wp-json\/wp\/v2\/posts\/2056"}],"collection":[{"href":"https:\/\/www.opinea.com\/es\/wp-json\/wp\/v2\/posts"}],"about":[{"href":"https:\/\/www.opinea.com\/es\/wp-json\/wp\/v2\/types\/post"}],"author":[{"embeddable":true,"href":"https:\/\/www.opinea.com\/es\/wp-json\/wp\/v2\/users\/8"}],"replies":[{"embeddable":true,"href":"https:\/\/www.opinea.com\/es\/wp-json\/wp\/v2\/comments?post=2056"}],"version-history":[{"count":3,"href":"https:\/\/www.opinea.com\/es\/wp-json\/wp\/v2\/posts\/2056\/revisions"}],"predecessor-version":[{"id":4490,"href":"https:\/\/www.opinea.com\/es\/wp-json\/wp\/v2\/posts\/2056\/revisions\/4490"}],"wp:featuredmedia":[{"embeddable":true,"href":"https:\/\/www.opinea.com\/es\/wp-json\/wp\/v2\/media\/4344"}],"wp:attachment":[{"href":"https:\/\/www.opinea.com\/es\/wp-json\/wp\/v2\/media?parent=2056"}],"wp:term":[{"taxonomy":"category","embeddable":true,"href":"https:\/\/www.opinea.com\/es\/wp-json\/wp\/v2\/categories?post=2056"},{"taxonomy":"post_tag","embeddable":true,"href":"https:\/\/www.opinea.com\/es\/wp-json\/wp\/v2\/tags?post=2056"}],"curies":[{"name":"wp","href":"https:\/\/api.w.org\/{rel}","templated":true}]}}