{"id":2408,"date":"2013-10-28T13:26:27","date_gmt":"2013-10-28T11:26:27","guid":{"rendered":"https:\/\/www.opinea.es\/?p=2408"},"modified":"2023-09-12T10:29:54","modified_gmt":"2023-09-12T08:29:54","slug":"el-consumo-de-marcas-blancas-espana-vs-francia-2","status":"publish","type":"post","link":"https:\/\/www.opinea.com\/es\/actualidad\/el-consumo-de-marcas-blancas-espana-vs-francia-2\/","title":{"rendered":"El consumo de marcas blancas Espa\u00f1a v\/s Francia"},"content":{"rendered":"<p>Estos \u00faltimos a\u00f1os las marcas blancas han conocidos un aumento, a nivel de Europa, tal como en Francia y Espa\u00f1a.<br \/>\nEste estudio tiene como objetivo de hacer balance de las frecuencias de compra de marcas blancas en los dos pa\u00edses, seg\u00fan diferentes tipos de productos y medir el potencial de crecimientos de cada uno.<\/p>\n<p>El estudio compara la visi\u00f3n que de estos productos tienen los consumidores espa\u00f1oles y los franceses diferenciando entre 5 tipos de art\u00edculos: productos de alimentaci\u00f3n, vestido y calzado, productos de belleza, de papeler\u00eda y de limpieza. Entre un 65 y un 74% de franceses afirman que sus compras de productos de marca blanca se mantendr\u00e1n estables en todas las categor\u00edas, es decir, que no esperan que aumenten, ni que disminuyan. En cambio los espa\u00f1oles creen que comprar\u00e1n m\u00e1s marcas blancas en alimentaci\u00f3n y papeler\u00eda y que mantendr\u00e1n estables sus compras de marcas de distribuidor en vestido y calzado, productos de belleza y de limpieza.<\/p>\n<p><strong>Los j\u00f3venes los m\u00e1s proclives a su compra<\/strong><\/p>\n<p>Los j\u00f3venes menores de 35 a\u00f1os son quienes afirman comprar productos de marca blanca con m\u00e1s asiduidad tanto en Francia como en Espa\u00f1a; excepto en las categor\u00edas de vestido\/calzado y productos de limpieza ya que estas dos familias de productos han sido m\u00e1s se\u00f1aladas por los mayores de 35 a\u00f1os como de compra habitual de productos de marca blanca.<br \/>\nLos alimentarios son la primera categor\u00eda de productos de marca blanca comprados por los franceses (un 87%) y por los espa\u00f1oles (un 92%). Les siguen los productos de limpieza con porcentajes tambi\u00e9n muy similares (72% en Francia y 74% en Espa\u00f1a).<br \/>\nLos espa\u00f1oles afirman comprar productos de marcas blancas en alimentaci\u00f3n y cosm\u00e9tica en mayor porcentaje que los franceses, mientras que los franceses adelantan a los espa\u00f1oles en papeler\u00eda y en vestidos\/ calzados.<\/p>\n<p><strong>Los espa\u00f1oles valoran m\u00e1s las cualidades de la marca blanca<\/strong><\/p>\n<p>De manera general, los productos de marcas blancas son considerados como productos de buena relaci\u00f3n calidad\/precio, un 77% as\u00ed lo se\u00f1ala tanto en Francia como en Espa\u00f1a. Sin embargo, hay otras cualidades de estos productos en las que la percepci\u00f3n de espa\u00f1oles y franceses muestra diferencias. Un 51% de los espa\u00f1oles los considera de buena calidad pero s\u00f3lo lo hace as\u00ed un 41% de franceses.<br \/>\nLos consumidores, tanto franceses como espa\u00f1oles, se muestran m\u00e1s recelosos si se les pregunta si creen que los productos de marca blanca son fabricados principalmente en su pa\u00eds, y algunos desconf\u00edan de que tengan un origen totalmente seguro y conocido, o de que respeten plenamente el medioambiente y sean innovadores. Aunque los espa\u00f1oles demuestran tener algo m\u00e1s confianza en las marcas de los distribuidores en todos estos aspectos.<\/p>\n<p><strong>\u201cRemarcable \u00e9xito\u201d <\/strong><\/p>\n<p>Las marcas blancas tienen un remarcable \u00e9xito en Espa\u00f1a. Un espa\u00f1ol sobre dos declara que comprar\u00e1 m\u00e1s productos de marcas blancas en el futuro. En Francia, el \u00e9xito de las marcas blancas es menos importante, pero vemos que esta tendencia muestra un crecimiento de 13 puntos.<\/p>\n<p><em>Este estudio se realiz\u00f3 del 27 de agosto al 4 de septiembre de 2013, simult\u00e1neamente en Francia y Espa\u00f1a, mediante el Access Panel online: (www.panelopinea.es). Se basa en una muestra representativa de sus poblaciones nacionales, con individuos de 18 a 65 a\u00f1os (Espa\u00f1a: 1010 individuos y Francia: 1009), estructurada en cuotas seg\u00fan el perfil a partir de las \u00faltimas estad\u00edsticas nacionales del INSEE (Francia) y del INE (Espa\u00f1a).<\/em><\/p>\n<p style=\"text-align: center;\"><a title=\"Contact\" href=\"https:\/\/www.opinea.com\/es\/contacto\/\"><strong>\u00a1Contacte con nosotros para mayor informaci\u00f3n!<\/strong><\/a><\/p>\n<p><!--:--><\/p>\n","protected":false},"excerpt":{"rendered":"<p>Estos \u00faltimos a\u00f1os las marcas blancas han conocidos un aumento, a nivel de Europa, tal como en Francia y Espa\u00f1a. Este estudio tiene como objetivo de hacer balance de las frecuencias de compra de marcas blancas en los dos pa\u00edses, seg\u00fan diferentes tipos de productos y medir el potencial de crecimientos de cada uno. El [&hellip;]<\/p>\n","protected":false},"author":8,"featured_media":4332,"comment_status":"closed","ping_status":"open","sticky":false,"template":"","format":"standard","meta":{"footnotes":""},"categories":[66],"tags":[],"acf":[],"yoast_head":"<!-- This site is optimized with the Yoast SEO plugin v21.9.1 - https:\/\/yoast.com\/wordpress\/plugins\/seo\/ -->\r\n<title>El consumo de marcas blancas Espa\u00f1a v\/s Francia - Opinea<\/title>\r\n<meta name=\"robots\" content=\"index, follow, max-snippet:-1, max-image-preview:large, max-video-preview:-1\" \/>\r\n<link rel=\"canonical\" href=\"https:\/\/www.opinea.com\/es\/actualidad\/el-consumo-de-marcas-blancas-espana-vs-francia-2\/\" \/>\r\n<meta property=\"og:locale\" content=\"es_ES\" \/>\r\n<meta property=\"og:type\" content=\"article\" \/>\r\n<meta property=\"og:title\" content=\"El consumo de marcas blancas Espa\u00f1a v\/s Francia - Opinea\" \/>\r\n<meta property=\"og:description\" content=\"Estos \u00faltimos a\u00f1os las marcas blancas han conocidos un aumento, a nivel de Europa, tal como en Francia y Espa\u00f1a. Este estudio tiene como objetivo de hacer balance de las frecuencias de compra de marcas blancas en los dos pa\u00edses, seg\u00fan diferentes tipos de productos y medir el potencial de crecimientos de cada uno. El [&hellip;]\" \/>\r\n<meta property=\"og:url\" content=\"https:\/\/www.opinea.com\/es\/actualidad\/el-consumo-de-marcas-blancas-espana-vs-francia-2\/\" \/>\r\n<meta property=\"og:site_name\" content=\"Opinea\" \/>\r\n<meta property=\"article:published_time\" content=\"2013-10-28T11:26:27+00:00\" \/>\r\n<meta property=\"article:modified_time\" content=\"2023-09-12T08:29:54+00:00\" \/>\r\n<meta property=\"og:image\" content=\"https:\/\/www.opinea.com\/wp-content\/uploads\/2013\/10\/marques-blanches.jpg\" \/>\r\n\t<meta property=\"og:image:width\" content=\"1922\" \/>\r\n\t<meta property=\"og:image:height\" content=\"680\" \/>\r\n\t<meta property=\"og:image:type\" content=\"image\/jpeg\" \/>\r\n<meta name=\"author\" content=\"Alex\" \/>\r\n<meta name=\"twitter:card\" content=\"summary_large_image\" \/>\r\n<meta name=\"twitter:label1\" content=\"Escrito por\" \/>\n\t<meta name=\"twitter:data1\" content=\"Alex\" \/>\n\t<meta name=\"twitter:label2\" content=\"Tiempo de lectura\" \/>\n\t<meta name=\"twitter:data2\" content=\"3 minutos\" \/>\r\n<script type=\"application\/ld+json\" class=\"yoast-schema-graph\">{\"@context\":\"https:\/\/schema.org\",\"@graph\":[{\"@type\":\"Article\",\"@id\":\"https:\/\/www.opinea.com\/es\/actualidad\/el-consumo-de-marcas-blancas-espana-vs-francia-2\/#article\",\"isPartOf\":{\"@id\":\"https:\/\/www.opinea.com\/es\/actualidad\/el-consumo-de-marcas-blancas-espana-vs-francia-2\/\"},\"author\":{\"name\":\"Alex\",\"@id\":\"https:\/\/www.opinea.com\/es\/#\/schema\/person\/341d4bd7338c9c1a8506abe3d472e339\"},\"headline\":\"El consumo de marcas blancas Espa\u00f1a v\/s Francia\",\"datePublished\":\"2013-10-28T11:26:27+00:00\",\"dateModified\":\"2023-09-12T08:29:54+00:00\",\"mainEntityOfPage\":{\"@id\":\"https:\/\/www.opinea.com\/es\/actualidad\/el-consumo-de-marcas-blancas-espana-vs-francia-2\/\"},\"wordCount\":619,\"publisher\":{\"@id\":\"https:\/\/www.opinea.com\/es\/#organization\"},\"articleSection\":[\"Actualidad\"],\"inLanguage\":\"es\"},{\"@type\":\"WebPage\",\"@id\":\"https:\/\/www.opinea.com\/es\/actualidad\/el-consumo-de-marcas-blancas-espana-vs-francia-2\/\",\"url\":\"https:\/\/www.opinea.com\/es\/actualidad\/el-consumo-de-marcas-blancas-espana-vs-francia-2\/\",\"name\":\"El consumo de marcas blancas Espa\u00f1a v\/s Francia - Opinea\",\"isPartOf\":{\"@id\":\"https:\/\/www.opinea.com\/es\/#website\"},\"datePublished\":\"2013-10-28T11:26:27+00:00\",\"dateModified\":\"2023-09-12T08:29:54+00:00\",\"breadcrumb\":{\"@id\":\"https:\/\/www.opinea.com\/es\/actualidad\/el-consumo-de-marcas-blancas-espana-vs-francia-2\/#breadcrumb\"},\"inLanguage\":\"es\",\"potentialAction\":[{\"@type\":\"ReadAction\",\"target\":[\"https:\/\/www.opinea.com\/es\/actualidad\/el-consumo-de-marcas-blancas-espana-vs-francia-2\/\"]}]},{\"@type\":\"BreadcrumbList\",\"@id\":\"https:\/\/www.opinea.com\/es\/actualidad\/el-consumo-de-marcas-blancas-espana-vs-francia-2\/#breadcrumb\",\"itemListElement\":[{\"@type\":\"ListItem\",\"position\":1,\"name\":\"Inicio\",\"item\":\"https:\/\/www.opinea.com\/es\/\"},{\"@type\":\"ListItem\",\"position\":2,\"name\":\"El consumo de marcas blancas Espa\u00f1a v\/s Francia\"}]},{\"@type\":\"WebSite\",\"@id\":\"https:\/\/www.opinea.com\/es\/#website\",\"url\":\"https:\/\/www.opinea.com\/es\/\",\"name\":\"Opin\u00e9a\",\"description\":\"Institut d\u2019\u00e9tudes marketing\",\"publisher\":{\"@id\":\"https:\/\/www.opinea.com\/es\/#organization\"},\"potentialAction\":[{\"@type\":\"SearchAction\",\"target\":{\"@type\":\"EntryPoint\",\"urlTemplate\":\"https:\/\/www.opinea.com\/es\/?s={search_term_string}\"},\"query-input\":\"required name=search_term_string\"}],\"inLanguage\":\"es\"},{\"@type\":\"Organization\",\"@id\":\"https:\/\/www.opinea.com\/es\/#organization\",\"name\":\"Opin\u00e9a\",\"url\":\"https:\/\/www.opinea.com\/es\/\",\"logo\":{\"@type\":\"ImageObject\",\"inLanguage\":\"es\",\"@id\":\"https:\/\/www.opinea.com\/es\/#\/schema\/logo\/image\/\",\"url\":\"\",\"contentUrl\":\"\",\"caption\":\"Opin\u00e9a\"},\"image\":{\"@id\":\"https:\/\/www.opinea.com\/es\/#\/schema\/logo\/image\/\"},\"sameAs\":[\"https:\/\/fr.linkedin.com\/company\/opinea\"]},{\"@type\":\"Person\",\"@id\":\"https:\/\/www.opinea.com\/es\/#\/schema\/person\/341d4bd7338c9c1a8506abe3d472e339\",\"name\":\"Alex\",\"image\":{\"@type\":\"ImageObject\",\"inLanguage\":\"es\",\"@id\":\"https:\/\/www.opinea.com\/es\/#\/schema\/person\/image\/\",\"url\":\"https:\/\/secure.gravatar.com\/avatar\/46ce3ad066004b23b164448491788201?s=96&d=mm&r=g\",\"contentUrl\":\"https:\/\/secure.gravatar.com\/avatar\/46ce3ad066004b23b164448491788201?s=96&d=mm&r=g\",\"caption\":\"Alex\"}}]}<\/script>\r\n<!-- \/ Yoast SEO plugin. -->","yoast_head_json":{"title":"El consumo de marcas blancas Espa\u00f1a v\/s Francia - Opinea","robots":{"index":"index","follow":"follow","max-snippet":"max-snippet:-1","max-image-preview":"max-image-preview:large","max-video-preview":"max-video-preview:-1"},"canonical":"https:\/\/www.opinea.com\/es\/actualidad\/el-consumo-de-marcas-blancas-espana-vs-francia-2\/","og_locale":"es_ES","og_type":"article","og_title":"El consumo de marcas blancas Espa\u00f1a v\/s Francia - Opinea","og_description":"Estos \u00faltimos a\u00f1os las marcas blancas han conocidos un aumento, a nivel de Europa, tal como en Francia y Espa\u00f1a. Este estudio tiene como objetivo de hacer balance de las frecuencias de compra de marcas blancas en los dos pa\u00edses, seg\u00fan diferentes tipos de productos y medir el potencial de crecimientos de cada uno. El [&hellip;]","og_url":"https:\/\/www.opinea.com\/es\/actualidad\/el-consumo-de-marcas-blancas-espana-vs-francia-2\/","og_site_name":"Opinea","article_published_time":"2013-10-28T11:26:27+00:00","article_modified_time":"2023-09-12T08:29:54+00:00","og_image":[{"width":1922,"height":680,"url":"https:\/\/www.opinea.com\/wp-content\/uploads\/2013\/10\/marques-blanches.jpg","type":"image\/jpeg"}],"author":"Alex","twitter_card":"summary_large_image","twitter_misc":{"Escrito por":"Alex","Tiempo de lectura":"3 minutos"},"schema":{"@context":"https:\/\/schema.org","@graph":[{"@type":"Article","@id":"https:\/\/www.opinea.com\/es\/actualidad\/el-consumo-de-marcas-blancas-espana-vs-francia-2\/#article","isPartOf":{"@id":"https:\/\/www.opinea.com\/es\/actualidad\/el-consumo-de-marcas-blancas-espana-vs-francia-2\/"},"author":{"name":"Alex","@id":"https:\/\/www.opinea.com\/es\/#\/schema\/person\/341d4bd7338c9c1a8506abe3d472e339"},"headline":"El consumo de marcas blancas Espa\u00f1a v\/s Francia","datePublished":"2013-10-28T11:26:27+00:00","dateModified":"2023-09-12T08:29:54+00:00","mainEntityOfPage":{"@id":"https:\/\/www.opinea.com\/es\/actualidad\/el-consumo-de-marcas-blancas-espana-vs-francia-2\/"},"wordCount":619,"publisher":{"@id":"https:\/\/www.opinea.com\/es\/#organization"},"articleSection":["Actualidad"],"inLanguage":"es"},{"@type":"WebPage","@id":"https:\/\/www.opinea.com\/es\/actualidad\/el-consumo-de-marcas-blancas-espana-vs-francia-2\/","url":"https:\/\/www.opinea.com\/es\/actualidad\/el-consumo-de-marcas-blancas-espana-vs-francia-2\/","name":"El consumo de marcas blancas Espa\u00f1a v\/s Francia - Opinea","isPartOf":{"@id":"https:\/\/www.opinea.com\/es\/#website"},"datePublished":"2013-10-28T11:26:27+00:00","dateModified":"2023-09-12T08:29:54+00:00","breadcrumb":{"@id":"https:\/\/www.opinea.com\/es\/actualidad\/el-consumo-de-marcas-blancas-espana-vs-francia-2\/#breadcrumb"},"inLanguage":"es","potentialAction":[{"@type":"ReadAction","target":["https:\/\/www.opinea.com\/es\/actualidad\/el-consumo-de-marcas-blancas-espana-vs-francia-2\/"]}]},{"@type":"BreadcrumbList","@id":"https:\/\/www.opinea.com\/es\/actualidad\/el-consumo-de-marcas-blancas-espana-vs-francia-2\/#breadcrumb","itemListElement":[{"@type":"ListItem","position":1,"name":"Inicio","item":"https:\/\/www.opinea.com\/es\/"},{"@type":"ListItem","position":2,"name":"El consumo de marcas blancas Espa\u00f1a v\/s Francia"}]},{"@type":"WebSite","@id":"https:\/\/www.opinea.com\/es\/#website","url":"https:\/\/www.opinea.com\/es\/","name":"Opin\u00e9a","description":"Institut d\u2019\u00e9tudes marketing","publisher":{"@id":"https:\/\/www.opinea.com\/es\/#organization"},"potentialAction":[{"@type":"SearchAction","target":{"@type":"EntryPoint","urlTemplate":"https:\/\/www.opinea.com\/es\/?s={search_term_string}"},"query-input":"required name=search_term_string"}],"inLanguage":"es"},{"@type":"Organization","@id":"https:\/\/www.opinea.com\/es\/#organization","name":"Opin\u00e9a","url":"https:\/\/www.opinea.com\/es\/","logo":{"@type":"ImageObject","inLanguage":"es","@id":"https:\/\/www.opinea.com\/es\/#\/schema\/logo\/image\/","url":"","contentUrl":"","caption":"Opin\u00e9a"},"image":{"@id":"https:\/\/www.opinea.com\/es\/#\/schema\/logo\/image\/"},"sameAs":["https:\/\/fr.linkedin.com\/company\/opinea"]},{"@type":"Person","@id":"https:\/\/www.opinea.com\/es\/#\/schema\/person\/341d4bd7338c9c1a8506abe3d472e339","name":"Alex","image":{"@type":"ImageObject","inLanguage":"es","@id":"https:\/\/www.opinea.com\/es\/#\/schema\/person\/image\/","url":"https:\/\/secure.gravatar.com\/avatar\/46ce3ad066004b23b164448491788201?s=96&d=mm&r=g","contentUrl":"https:\/\/secure.gravatar.com\/avatar\/46ce3ad066004b23b164448491788201?s=96&d=mm&r=g","caption":"Alex"}}]}},"_links":{"self":[{"href":"https:\/\/www.opinea.com\/es\/wp-json\/wp\/v2\/posts\/2408"}],"collection":[{"href":"https:\/\/www.opinea.com\/es\/wp-json\/wp\/v2\/posts"}],"about":[{"href":"https:\/\/www.opinea.com\/es\/wp-json\/wp\/v2\/types\/post"}],"author":[{"embeddable":true,"href":"https:\/\/www.opinea.com\/es\/wp-json\/wp\/v2\/users\/8"}],"replies":[{"embeddable":true,"href":"https:\/\/www.opinea.com\/es\/wp-json\/wp\/v2\/comments?post=2408"}],"version-history":[{"count":2,"href":"https:\/\/www.opinea.com\/es\/wp-json\/wp\/v2\/posts\/2408\/revisions"}],"predecessor-version":[{"id":4486,"href":"https:\/\/www.opinea.com\/es\/wp-json\/wp\/v2\/posts\/2408\/revisions\/4486"}],"wp:featuredmedia":[{"embeddable":true,"href":"https:\/\/www.opinea.com\/es\/wp-json\/wp\/v2\/media\/4332"}],"wp:attachment":[{"href":"https:\/\/www.opinea.com\/es\/wp-json\/wp\/v2\/media?parent=2408"}],"wp:term":[{"taxonomy":"category","embeddable":true,"href":"https:\/\/www.opinea.com\/es\/wp-json\/wp\/v2\/categories?post=2408"},{"taxonomy":"post_tag","embeddable":true,"href":"https:\/\/www.opinea.com\/es\/wp-json\/wp\/v2\/tags?post=2408"}],"curies":[{"name":"wp","href":"https:\/\/api.w.org\/{rel}","templated":true}]}}