{"id":2478,"date":"2014-03-12T15:09:31","date_gmt":"2014-03-12T13:09:31","guid":{"rendered":"https:\/\/www.opinea.es\/?p=2478"},"modified":"2023-09-12T10:27:01","modified_gmt":"2023-09-12T08:27:01","slug":"la-marca-alemania-se-vende-bien-en-espana","status":"publish","type":"post","link":"https:\/\/www.opinea.com\/es\/actualidad\/la-marca-alemania-se-vende-bien-en-espana\/","title":{"rendered":"La marca Alemania se vende bien en Espa\u00f1a"},"content":{"rendered":"<p>El 66% de los 1019 espa\u00f1oles entrevistados por OPINEA ha seleccionado a Alemania como uno de los pa\u00edses cuyos productos le inspiran m\u00e1s confianza. Espa\u00f1a, seleccionada por un 63.8% de los encuestados, ocupa un disputado segundo puesto en este ranking, en el que le siguen, aunque a mayor distancia, los Estados-Unidos, nombrados por un 37,5% de los encuestados; Francia, por un 35% de ellos; Jap\u00f3n, por un 32,5% e Inglaterra, citada por un 30,5% de los participantes en el estudio.<\/p>\n<p><strong>Las mujeres conf\u00edan m\u00e1s en el Made in Spain<\/strong><\/p>\n<p>Como podemos apreciar en esta gr\u00e1fica, son los hombres los que inclinan ligeramente la balanza hacia Alemania, ya que si s\u00f3lo se tienen en cuenta los votos de las espa\u00f1olas ser\u00eda Espa\u00f1a el pa\u00eds con m\u00e1s votos y un porcentaje de elecci\u00f3n del 66%, frente al 62% de Alemania. Tambi\u00e9n en el n\u00famero de votos hacia EEUU hay ciertas diferencias entre hombres y mujeres, ya que el pa\u00eds norteamericano ha sido seleccionado por un 43% de los hombres y s\u00f3lo por un 31% de las mujeres. Y esta distinta percepci\u00f3n seg\u00fan el sexo del encuestado tambi\u00e9n se aprecia en Jap\u00f3n, cuya calidad es mejor percibida por hombres que por mujeres.<\/p>\n<p><strong>Los menos de 35 votan m\u00e1s por Alemania<\/strong><\/p>\n<p>La edad de los encuestados tambi\u00e9n deja ver ciertas tendencias de opini\u00f3n, como que la percepci\u00f3n de la calidad de los productos espa\u00f1oles es mayor entre los adultos de m\u00e1s edad que entre los m\u00e1s j\u00f3venes. As\u00ed Alemania supera a Espa\u00f1a s\u00f3lo entre los encuestados menores de 35 a\u00f1os, los grupos de edades superiores se\u00f1alan ligeramente m\u00e1s a Espa\u00f1a que a Alemania para destacar la calidad de sus productos. Otro dato a destacar es que la calidad de los productos ingleses es algo menos apreciada por los j\u00f3venes menores de 24 a\u00f1os.<\/p>\n<p><strong>Espa\u00f1a gana cuando s\u00f3lo se puede elegir un pa\u00eds<\/strong><\/p>\n<p>Alemania pierde su ventaja sobre Espa\u00f1a en cuanto a percepci\u00f3n de la calidad de sus productos cuando se pide a los espa\u00f1oles encuestados que se\u00f1alen s\u00f3lo un pa\u00eds cuyos productos le parezcan de calidad y le inspiren la mayor confianza. En ese caso el ranking de pa\u00edses queda de la siguiente forma: Espa\u00f1a 37,9% de los votos, Alemania 28.8% de los votos, Jap\u00f3n 10.3%, Estados Unidos 6.6%, Suecia 2,3%, Suiza 2,2% y Francia 1,7%. A estos 7 primeros pa\u00edses les siguen otros como Dinamarca, Inglaterra, Canad\u00e1 o China, por este orden.<\/p>\n<p><em>Se trata de un \u00d3mnibus FlashFacts de Opinea realizado entre el 28 de nov. y el 03 de dic. de 2013 a trav\u00e9s de su Access Panel Online de consumidores. Se trata de una muestra de 1019 informantes, representativa de la poblaci\u00f3n espa\u00f1ola de 18 a 65 a\u00f1os.<\/em><\/p>\n<p style=\"text-align: center;\"><a title=\"Contact\" href=\"https:\/\/www.opinea.com\/es\/contacto\/\"><strong>\u00a1Contacte con nosotros para mayor informaci\u00f3n!<\/strong><\/a><\/p>\n<p><!--:--><\/p>\n","protected":false},"excerpt":{"rendered":"<p>El 66% de los 1019 espa\u00f1oles entrevistados por OPINEA ha seleccionado a Alemania como uno de los pa\u00edses cuyos productos le inspiran m\u00e1s confianza. Espa\u00f1a, seleccionada por un 63.8% de los encuestados, ocupa un disputado segundo puesto en este ranking, en el que le siguen, aunque a mayor distancia, los Estados-Unidos, nombrados por un 37,5% [&hellip;]<\/p>\n","protected":false},"author":8,"featured_media":4328,"comment_status":"closed","ping_status":"open","sticky":false,"template":"","format":"standard","meta":{"footnotes":""},"categories":[66],"tags":[],"acf":[],"yoast_head":"<!-- This site is optimized with the Yoast SEO plugin v21.9.1 - https:\/\/yoast.com\/wordpress\/plugins\/seo\/ -->\r\n<title>La marca Alemania se vende bien en Espa\u00f1a - Opinea<\/title>\r\n<meta name=\"robots\" content=\"index, follow, max-snippet:-1, max-image-preview:large, max-video-preview:-1\" \/>\r\n<link rel=\"canonical\" href=\"https:\/\/www.opinea.com\/es\/actualidad\/la-marca-alemania-se-vende-bien-en-espana\/\" \/>\r\n<meta property=\"og:locale\" content=\"es_ES\" \/>\r\n<meta property=\"og:type\" content=\"article\" \/>\r\n<meta property=\"og:title\" content=\"La marca Alemania se vende bien en Espa\u00f1a - Opinea\" \/>\r\n<meta property=\"og:description\" content=\"El 66% de los 1019 espa\u00f1oles entrevistados por OPINEA ha seleccionado a Alemania como uno de los pa\u00edses cuyos productos le inspiran m\u00e1s confianza. Espa\u00f1a, seleccionada por un 63.8% de los encuestados, ocupa un disputado segundo puesto en este ranking, en el que le siguen, aunque a mayor distancia, los Estados-Unidos, nombrados por un 37,5% [&hellip;]\" \/>\r\n<meta property=\"og:url\" content=\"https:\/\/www.opinea.com\/es\/actualidad\/la-marca-alemania-se-vende-bien-en-espana\/\" \/>\r\n<meta property=\"og:site_name\" content=\"Opinea\" \/>\r\n<meta property=\"article:published_time\" content=\"2014-03-12T13:09:31+00:00\" \/>\r\n<meta property=\"article:modified_time\" content=\"2023-09-12T08:27:01+00:00\" \/>\r\n<meta property=\"og:image\" content=\"https:\/\/www.opinea.com\/wp-content\/uploads\/2014\/03\/allemagne.jpg\" \/>\r\n\t<meta property=\"og:image:width\" content=\"1922\" \/>\r\n\t<meta property=\"og:image:height\" content=\"680\" \/>\r\n\t<meta property=\"og:image:type\" content=\"image\/jpeg\" \/>\r\n<meta name=\"author\" content=\"Alex\" \/>\r\n<meta name=\"twitter:card\" content=\"summary_large_image\" \/>\r\n<meta name=\"twitter:label1\" content=\"Escrito por\" \/>\n\t<meta name=\"twitter:data1\" content=\"Alex\" \/>\n\t<meta name=\"twitter:label2\" content=\"Tiempo de lectura\" \/>\n\t<meta name=\"twitter:data2\" content=\"3 minutos\" \/>\r\n<script type=\"application\/ld+json\" class=\"yoast-schema-graph\">{\"@context\":\"https:\/\/schema.org\",\"@graph\":[{\"@type\":\"Article\",\"@id\":\"https:\/\/www.opinea.com\/es\/actualidad\/la-marca-alemania-se-vende-bien-en-espana\/#article\",\"isPartOf\":{\"@id\":\"https:\/\/www.opinea.com\/es\/actualidad\/la-marca-alemania-se-vende-bien-en-espana\/\"},\"author\":{\"name\":\"Alex\",\"@id\":\"https:\/\/www.opinea.com\/es\/#\/schema\/person\/341d4bd7338c9c1a8506abe3d472e339\"},\"headline\":\"La marca Alemania se vende bien en Espa\u00f1a\",\"datePublished\":\"2014-03-12T13:09:31+00:00\",\"dateModified\":\"2023-09-12T08:27:01+00:00\",\"mainEntityOfPage\":{\"@id\":\"https:\/\/www.opinea.com\/es\/actualidad\/la-marca-alemania-se-vende-bien-en-espana\/\"},\"wordCount\":491,\"publisher\":{\"@id\":\"https:\/\/www.opinea.com\/es\/#organization\"},\"articleSection\":[\"Actualidad\"],\"inLanguage\":\"es\"},{\"@type\":\"WebPage\",\"@id\":\"https:\/\/www.opinea.com\/es\/actualidad\/la-marca-alemania-se-vende-bien-en-espana\/\",\"url\":\"https:\/\/www.opinea.com\/es\/actualidad\/la-marca-alemania-se-vende-bien-en-espana\/\",\"name\":\"La marca Alemania se vende bien en Espa\u00f1a - Opinea\",\"isPartOf\":{\"@id\":\"https:\/\/www.opinea.com\/es\/#website\"},\"datePublished\":\"2014-03-12T13:09:31+00:00\",\"dateModified\":\"2023-09-12T08:27:01+00:00\",\"breadcrumb\":{\"@id\":\"https:\/\/www.opinea.com\/es\/actualidad\/la-marca-alemania-se-vende-bien-en-espana\/#breadcrumb\"},\"inLanguage\":\"es\",\"potentialAction\":[{\"@type\":\"ReadAction\",\"target\":[\"https:\/\/www.opinea.com\/es\/actualidad\/la-marca-alemania-se-vende-bien-en-espana\/\"]}]},{\"@type\":\"BreadcrumbList\",\"@id\":\"https:\/\/www.opinea.com\/es\/actualidad\/la-marca-alemania-se-vende-bien-en-espana\/#breadcrumb\",\"itemListElement\":[{\"@type\":\"ListItem\",\"position\":1,\"name\":\"Inicio\",\"item\":\"https:\/\/www.opinea.com\/es\/\"},{\"@type\":\"ListItem\",\"position\":2,\"name\":\"La marca Alemania se vende bien en Espa\u00f1a\"}]},{\"@type\":\"WebSite\",\"@id\":\"https:\/\/www.opinea.com\/es\/#website\",\"url\":\"https:\/\/www.opinea.com\/es\/\",\"name\":\"Opin\u00e9a\",\"description\":\"Institut d\u2019\u00e9tudes marketing\",\"publisher\":{\"@id\":\"https:\/\/www.opinea.com\/es\/#organization\"},\"potentialAction\":[{\"@type\":\"SearchAction\",\"target\":{\"@type\":\"EntryPoint\",\"urlTemplate\":\"https:\/\/www.opinea.com\/es\/?s={search_term_string}\"},\"query-input\":\"required name=search_term_string\"}],\"inLanguage\":\"es\"},{\"@type\":\"Organization\",\"@id\":\"https:\/\/www.opinea.com\/es\/#organization\",\"name\":\"Opin\u00e9a\",\"url\":\"https:\/\/www.opinea.com\/es\/\",\"logo\":{\"@type\":\"ImageObject\",\"inLanguage\":\"es\",\"@id\":\"https:\/\/www.opinea.com\/es\/#\/schema\/logo\/image\/\",\"url\":\"\",\"contentUrl\":\"\",\"caption\":\"Opin\u00e9a\"},\"image\":{\"@id\":\"https:\/\/www.opinea.com\/es\/#\/schema\/logo\/image\/\"},\"sameAs\":[\"https:\/\/fr.linkedin.com\/company\/opinea\"]},{\"@type\":\"Person\",\"@id\":\"https:\/\/www.opinea.com\/es\/#\/schema\/person\/341d4bd7338c9c1a8506abe3d472e339\",\"name\":\"Alex\",\"image\":{\"@type\":\"ImageObject\",\"inLanguage\":\"es\",\"@id\":\"https:\/\/www.opinea.com\/es\/#\/schema\/person\/image\/\",\"url\":\"https:\/\/secure.gravatar.com\/avatar\/46ce3ad066004b23b164448491788201?s=96&d=mm&r=g\",\"contentUrl\":\"https:\/\/secure.gravatar.com\/avatar\/46ce3ad066004b23b164448491788201?s=96&d=mm&r=g\",\"caption\":\"Alex\"}}]}<\/script>\r\n<!-- \/ Yoast SEO plugin. -->","yoast_head_json":{"title":"La marca Alemania se vende bien en Espa\u00f1a - Opinea","robots":{"index":"index","follow":"follow","max-snippet":"max-snippet:-1","max-image-preview":"max-image-preview:large","max-video-preview":"max-video-preview:-1"},"canonical":"https:\/\/www.opinea.com\/es\/actualidad\/la-marca-alemania-se-vende-bien-en-espana\/","og_locale":"es_ES","og_type":"article","og_title":"La marca Alemania se vende bien en Espa\u00f1a - Opinea","og_description":"El 66% de los 1019 espa\u00f1oles entrevistados por OPINEA ha seleccionado a Alemania como uno de los pa\u00edses cuyos productos le inspiran m\u00e1s confianza. Espa\u00f1a, seleccionada por un 63.8% de los encuestados, ocupa un disputado segundo puesto en este ranking, en el que le siguen, aunque a mayor distancia, los Estados-Unidos, nombrados por un 37,5% [&hellip;]","og_url":"https:\/\/www.opinea.com\/es\/actualidad\/la-marca-alemania-se-vende-bien-en-espana\/","og_site_name":"Opinea","article_published_time":"2014-03-12T13:09:31+00:00","article_modified_time":"2023-09-12T08:27:01+00:00","og_image":[{"width":1922,"height":680,"url":"https:\/\/www.opinea.com\/wp-content\/uploads\/2014\/03\/allemagne.jpg","type":"image\/jpeg"}],"author":"Alex","twitter_card":"summary_large_image","twitter_misc":{"Escrito por":"Alex","Tiempo de lectura":"3 minutos"},"schema":{"@context":"https:\/\/schema.org","@graph":[{"@type":"Article","@id":"https:\/\/www.opinea.com\/es\/actualidad\/la-marca-alemania-se-vende-bien-en-espana\/#article","isPartOf":{"@id":"https:\/\/www.opinea.com\/es\/actualidad\/la-marca-alemania-se-vende-bien-en-espana\/"},"author":{"name":"Alex","@id":"https:\/\/www.opinea.com\/es\/#\/schema\/person\/341d4bd7338c9c1a8506abe3d472e339"},"headline":"La marca Alemania se vende bien en Espa\u00f1a","datePublished":"2014-03-12T13:09:31+00:00","dateModified":"2023-09-12T08:27:01+00:00","mainEntityOfPage":{"@id":"https:\/\/www.opinea.com\/es\/actualidad\/la-marca-alemania-se-vende-bien-en-espana\/"},"wordCount":491,"publisher":{"@id":"https:\/\/www.opinea.com\/es\/#organization"},"articleSection":["Actualidad"],"inLanguage":"es"},{"@type":"WebPage","@id":"https:\/\/www.opinea.com\/es\/actualidad\/la-marca-alemania-se-vende-bien-en-espana\/","url":"https:\/\/www.opinea.com\/es\/actualidad\/la-marca-alemania-se-vende-bien-en-espana\/","name":"La marca Alemania se vende bien en Espa\u00f1a - Opinea","isPartOf":{"@id":"https:\/\/www.opinea.com\/es\/#website"},"datePublished":"2014-03-12T13:09:31+00:00","dateModified":"2023-09-12T08:27:01+00:00","breadcrumb":{"@id":"https:\/\/www.opinea.com\/es\/actualidad\/la-marca-alemania-se-vende-bien-en-espana\/#breadcrumb"},"inLanguage":"es","potentialAction":[{"@type":"ReadAction","target":["https:\/\/www.opinea.com\/es\/actualidad\/la-marca-alemania-se-vende-bien-en-espana\/"]}]},{"@type":"BreadcrumbList","@id":"https:\/\/www.opinea.com\/es\/actualidad\/la-marca-alemania-se-vende-bien-en-espana\/#breadcrumb","itemListElement":[{"@type":"ListItem","position":1,"name":"Inicio","item":"https:\/\/www.opinea.com\/es\/"},{"@type":"ListItem","position":2,"name":"La marca Alemania se vende bien en Espa\u00f1a"}]},{"@type":"WebSite","@id":"https:\/\/www.opinea.com\/es\/#website","url":"https:\/\/www.opinea.com\/es\/","name":"Opin\u00e9a","description":"Institut d\u2019\u00e9tudes marketing","publisher":{"@id":"https:\/\/www.opinea.com\/es\/#organization"},"potentialAction":[{"@type":"SearchAction","target":{"@type":"EntryPoint","urlTemplate":"https:\/\/www.opinea.com\/es\/?s={search_term_string}"},"query-input":"required name=search_term_string"}],"inLanguage":"es"},{"@type":"Organization","@id":"https:\/\/www.opinea.com\/es\/#organization","name":"Opin\u00e9a","url":"https:\/\/www.opinea.com\/es\/","logo":{"@type":"ImageObject","inLanguage":"es","@id":"https:\/\/www.opinea.com\/es\/#\/schema\/logo\/image\/","url":"","contentUrl":"","caption":"Opin\u00e9a"},"image":{"@id":"https:\/\/www.opinea.com\/es\/#\/schema\/logo\/image\/"},"sameAs":["https:\/\/fr.linkedin.com\/company\/opinea"]},{"@type":"Person","@id":"https:\/\/www.opinea.com\/es\/#\/schema\/person\/341d4bd7338c9c1a8506abe3d472e339","name":"Alex","image":{"@type":"ImageObject","inLanguage":"es","@id":"https:\/\/www.opinea.com\/es\/#\/schema\/person\/image\/","url":"https:\/\/secure.gravatar.com\/avatar\/46ce3ad066004b23b164448491788201?s=96&d=mm&r=g","contentUrl":"https:\/\/secure.gravatar.com\/avatar\/46ce3ad066004b23b164448491788201?s=96&d=mm&r=g","caption":"Alex"}}]}},"_links":{"self":[{"href":"https:\/\/www.opinea.com\/es\/wp-json\/wp\/v2\/posts\/2478"}],"collection":[{"href":"https:\/\/www.opinea.com\/es\/wp-json\/wp\/v2\/posts"}],"about":[{"href":"https:\/\/www.opinea.com\/es\/wp-json\/wp\/v2\/types\/post"}],"author":[{"embeddable":true,"href":"https:\/\/www.opinea.com\/es\/wp-json\/wp\/v2\/users\/8"}],"replies":[{"embeddable":true,"href":"https:\/\/www.opinea.com\/es\/wp-json\/wp\/v2\/comments?post=2478"}],"version-history":[{"count":2,"href":"https:\/\/www.opinea.com\/es\/wp-json\/wp\/v2\/posts\/2478\/revisions"}],"predecessor-version":[{"id":4485,"href":"https:\/\/www.opinea.com\/es\/wp-json\/wp\/v2\/posts\/2478\/revisions\/4485"}],"wp:featuredmedia":[{"embeddable":true,"href":"https:\/\/www.opinea.com\/es\/wp-json\/wp\/v2\/media\/4328"}],"wp:attachment":[{"href":"https:\/\/www.opinea.com\/es\/wp-json\/wp\/v2\/media?parent=2478"}],"wp:term":[{"taxonomy":"category","embeddable":true,"href":"https:\/\/www.opinea.com\/es\/wp-json\/wp\/v2\/categories?post=2478"},{"taxonomy":"post_tag","embeddable":true,"href":"https:\/\/www.opinea.com\/es\/wp-json\/wp\/v2\/tags?post=2478"}],"curies":[{"name":"wp","href":"https:\/\/api.w.org\/{rel}","templated":true}]}}