{"id":3179,"date":"2015-05-04T16:08:39","date_gmt":"2015-05-04T14:08:39","guid":{"rendered":"https:\/\/www.opinea.es\/?p=2620"},"modified":"2023-09-12T10:25:19","modified_gmt":"2023-09-12T08:25:19","slug":"casi-el-70-de-espanoles-a-favor-de-cambiar-el-uso-horario-y-ponerlo-con-el-de-londres","status":"publish","type":"post","link":"https:\/\/www.opinea.com\/es\/actualidad\/casi-el-70-de-espanoles-a-favor-de-cambiar-el-uso-horario-y-ponerlo-con-el-de-londres\/","title":{"rendered":"Cambio de horario en Espa\u00f1a"},"content":{"rendered":"<p>El pasado 26 de septiembre la Comisi\u00f3n de Igualdad del Congreso aprob\u00f3 un informe en el que se pide al Gobierno conocer la incidencia de un posible cambio de uso horario en Espa\u00f1a, si este se vinculara de nuevo al que marca justo el meridiano de Greenwich, es decir, una hora menos al horario actual en Espa\u00f1a. Seg\u00fan una encuesta del Instituto de Estudios Opinea, el 68,4% de los espa\u00f1oles se muestran a favor de realizar dicho cambio, es decir, dos de cada tres espa\u00f1oles. Por el contrario, un 31,6% se muestra en contra del mismo.<\/p>\n<p><strong>Los Hombres m\u00e1s favor<\/strong><\/p>\n<p>Como podemos apreciar en la gr\u00e1fica, los hombres se muestran ligeramente m\u00e1s a favor del uso GMT 00, el horario de Inglaterra o Portugal, con un 72%, frente al 64% de las mujeres. El hecho del que el encuestado est\u00e9 actualmente en activo, o en b\u00fasqueda activa de empleo, tambi\u00e9n hace que tenga, ligeramente, una mayor preferencia por cambiar de uso horario que los inactivos. As\u00ed, entre pensionistas, estudiantes y amas de casa, aunque tambi\u00e9n est\u00e1n claramente a favor del cambio, puede apreciarse que aumenta ligeramente el porcentaje de quienes se oponen al mismo, un 36.4% de ellos, frente al 30% de los activos contrarios al cambio.<\/p>\n<p><strong>La edad tampoco marca diferencias<\/strong><\/p>\n<p>La edad de los encuestados tampoco marca grandes diferencias de opini\u00f3n, aunque s\u00ed se aprecia que el porcentaje de personas a favor del cambio de uso horario sube levemente a medida que aumenta la edad del encuestado, alcanzando su m\u00e1ximo en el grupo de edad de 45 a 54 a\u00f1os con un 73.4% a favor del cambio.<br \/>\nEl informe con la propuesta de cambio de horarios que se elev\u00f3 al Gobierno no es vinculante, pero el Ministro de Econom\u00eda Luis de Guindos asegur\u00f3 que el Gobierno iba a estudiar el informe completo y, en especial lo relativo al cambio de uso horario.<\/p>\n<p><em>Se trata de un \u00d3mnibus FlashFacts de Opinea realizado entre el 28 de nov. y el 03 de dic. de 2014 a trav\u00e9s de su Access Panel Online de consumidores. Se trata de una muestra de 1019 informantes, representativa de la poblaci\u00f3n espa\u00f1ola de 18 a 65 a\u00f1os.<\/em><\/p>\n<p style=\"text-align: center;\"><a title=\"Contact\" href=\"https:\/\/www.opinea.com\/es\/contacto\/\"><strong>\u00a1Contacte con nosotros para mayor informaci\u00f3n!<\/strong><\/a><\/p>\n<p><!--:--><\/p>\n","protected":false},"excerpt":{"rendered":"<p>El pasado 26 de septiembre la Comisi\u00f3n de Igualdad del Congreso aprob\u00f3 un informe en el que se pide al Gobierno conocer la incidencia de un posible cambio de uso horario en Espa\u00f1a, si este se vinculara de nuevo al que marca justo el meridiano de Greenwich, es decir, una hora menos al horario actual [&hellip;]<\/p>\n","protected":false},"author":8,"featured_media":4319,"comment_status":"closed","ping_status":"open","sticky":false,"template":"","format":"standard","meta":{"footnotes":""},"categories":[66],"tags":[],"acf":[],"yoast_head":"<!-- This site is optimized with the Yoast SEO plugin v21.9.1 - https:\/\/yoast.com\/wordpress\/plugins\/seo\/ -->\r\n<title>Cambio de horario en Espa\u00f1a - Opinea<\/title>\r\n<meta name=\"robots\" content=\"index, follow, max-snippet:-1, max-image-preview:large, max-video-preview:-1\" \/>\r\n<link rel=\"canonical\" href=\"https:\/\/www.opinea.com\/es\/actualidad\/casi-el-70-de-espanoles-a-favor-de-cambiar-el-uso-horario-y-ponerlo-con-el-de-londres\/\" \/>\r\n<meta property=\"og:locale\" content=\"es_ES\" \/>\r\n<meta property=\"og:type\" content=\"article\" \/>\r\n<meta property=\"og:title\" content=\"Cambio de horario en Espa\u00f1a - Opinea\" \/>\r\n<meta property=\"og:description\" content=\"El pasado 26 de septiembre la Comisi\u00f3n de Igualdad del Congreso aprob\u00f3 un informe en el que se pide al Gobierno conocer la incidencia de un posible cambio de uso horario en Espa\u00f1a, si este se vinculara de nuevo al que marca justo el meridiano de Greenwich, es decir, una hora menos al horario actual [&hellip;]\" \/>\r\n<meta property=\"og:url\" content=\"https:\/\/www.opinea.com\/es\/actualidad\/casi-el-70-de-espanoles-a-favor-de-cambiar-el-uso-horario-y-ponerlo-con-el-de-londres\/\" \/>\r\n<meta property=\"og:site_name\" content=\"Opinea\" \/>\r\n<meta property=\"article:published_time\" content=\"2015-05-04T14:08:39+00:00\" \/>\r\n<meta property=\"article:modified_time\" content=\"2023-09-12T08:25:19+00:00\" \/>\r\n<meta property=\"og:image\" content=\"https:\/\/www.opinea.com\/wp-content\/uploads\/2015\/05\/horloge.jpg\" \/>\r\n\t<meta property=\"og:image:width\" content=\"1922\" \/>\r\n\t<meta property=\"og:image:height\" content=\"680\" \/>\r\n\t<meta property=\"og:image:type\" content=\"image\/jpeg\" \/>\r\n<meta name=\"author\" content=\"Alex\" \/>\r\n<meta name=\"twitter:card\" content=\"summary_large_image\" \/>\r\n<meta name=\"twitter:label1\" content=\"Escrito por\" \/>\n\t<meta name=\"twitter:data1\" content=\"Alex\" \/>\n\t<meta name=\"twitter:label2\" content=\"Tiempo de lectura\" \/>\n\t<meta name=\"twitter:data2\" content=\"2 minutos\" \/>\r\n<script type=\"application\/ld+json\" class=\"yoast-schema-graph\">{\"@context\":\"https:\/\/schema.org\",\"@graph\":[{\"@type\":\"Article\",\"@id\":\"https:\/\/www.opinea.com\/es\/actualidad\/casi-el-70-de-espanoles-a-favor-de-cambiar-el-uso-horario-y-ponerlo-con-el-de-londres\/#article\",\"isPartOf\":{\"@id\":\"https:\/\/www.opinea.com\/es\/actualidad\/casi-el-70-de-espanoles-a-favor-de-cambiar-el-uso-horario-y-ponerlo-con-el-de-londres\/\"},\"author\":{\"name\":\"Alex\",\"@id\":\"https:\/\/www.opinea.com\/es\/#\/schema\/person\/341d4bd7338c9c1a8506abe3d472e339\"},\"headline\":\"Cambio de horario en Espa\u00f1a\",\"datePublished\":\"2015-05-04T14:08:39+00:00\",\"dateModified\":\"2023-09-12T08:25:19+00:00\",\"mainEntityOfPage\":{\"@id\":\"https:\/\/www.opinea.com\/es\/actualidad\/casi-el-70-de-espanoles-a-favor-de-cambiar-el-uso-horario-y-ponerlo-con-el-de-londres\/\"},\"wordCount\":379,\"publisher\":{\"@id\":\"https:\/\/www.opinea.com\/es\/#organization\"},\"articleSection\":[\"Actualidad\"],\"inLanguage\":\"es\"},{\"@type\":\"WebPage\",\"@id\":\"https:\/\/www.opinea.com\/es\/actualidad\/casi-el-70-de-espanoles-a-favor-de-cambiar-el-uso-horario-y-ponerlo-con-el-de-londres\/\",\"url\":\"https:\/\/www.opinea.com\/es\/actualidad\/casi-el-70-de-espanoles-a-favor-de-cambiar-el-uso-horario-y-ponerlo-con-el-de-londres\/\",\"name\":\"Cambio de horario en Espa\u00f1a - Opinea\",\"isPartOf\":{\"@id\":\"https:\/\/www.opinea.com\/es\/#website\"},\"datePublished\":\"2015-05-04T14:08:39+00:00\",\"dateModified\":\"2023-09-12T08:25:19+00:00\",\"breadcrumb\":{\"@id\":\"https:\/\/www.opinea.com\/es\/actualidad\/casi-el-70-de-espanoles-a-favor-de-cambiar-el-uso-horario-y-ponerlo-con-el-de-londres\/#breadcrumb\"},\"inLanguage\":\"es\",\"potentialAction\":[{\"@type\":\"ReadAction\",\"target\":[\"https:\/\/www.opinea.com\/es\/actualidad\/casi-el-70-de-espanoles-a-favor-de-cambiar-el-uso-horario-y-ponerlo-con-el-de-londres\/\"]}]},{\"@type\":\"BreadcrumbList\",\"@id\":\"https:\/\/www.opinea.com\/es\/actualidad\/casi-el-70-de-espanoles-a-favor-de-cambiar-el-uso-horario-y-ponerlo-con-el-de-londres\/#breadcrumb\",\"itemListElement\":[{\"@type\":\"ListItem\",\"position\":1,\"name\":\"Inicio\",\"item\":\"https:\/\/www.opinea.com\/es\/\"},{\"@type\":\"ListItem\",\"position\":2,\"name\":\"Cambio de horario en Espa\u00f1a\"}]},{\"@type\":\"WebSite\",\"@id\":\"https:\/\/www.opinea.com\/es\/#website\",\"url\":\"https:\/\/www.opinea.com\/es\/\",\"name\":\"Opin\u00e9a\",\"description\":\"Institut d\u2019\u00e9tudes marketing\",\"publisher\":{\"@id\":\"https:\/\/www.opinea.com\/es\/#organization\"},\"potentialAction\":[{\"@type\":\"SearchAction\",\"target\":{\"@type\":\"EntryPoint\",\"urlTemplate\":\"https:\/\/www.opinea.com\/es\/?s={search_term_string}\"},\"query-input\":\"required name=search_term_string\"}],\"inLanguage\":\"es\"},{\"@type\":\"Organization\",\"@id\":\"https:\/\/www.opinea.com\/es\/#organization\",\"name\":\"Opin\u00e9a\",\"url\":\"https:\/\/www.opinea.com\/es\/\",\"logo\":{\"@type\":\"ImageObject\",\"inLanguage\":\"es\",\"@id\":\"https:\/\/www.opinea.com\/es\/#\/schema\/logo\/image\/\",\"url\":\"\",\"contentUrl\":\"\",\"caption\":\"Opin\u00e9a\"},\"image\":{\"@id\":\"https:\/\/www.opinea.com\/es\/#\/schema\/logo\/image\/\"},\"sameAs\":[\"https:\/\/fr.linkedin.com\/company\/opinea\"]},{\"@type\":\"Person\",\"@id\":\"https:\/\/www.opinea.com\/es\/#\/schema\/person\/341d4bd7338c9c1a8506abe3d472e339\",\"name\":\"Alex\",\"image\":{\"@type\":\"ImageObject\",\"inLanguage\":\"es\",\"@id\":\"https:\/\/www.opinea.com\/es\/#\/schema\/person\/image\/\",\"url\":\"https:\/\/secure.gravatar.com\/avatar\/46ce3ad066004b23b164448491788201?s=96&d=mm&r=g\",\"contentUrl\":\"https:\/\/secure.gravatar.com\/avatar\/46ce3ad066004b23b164448491788201?s=96&d=mm&r=g\",\"caption\":\"Alex\"}}]}<\/script>\r\n<!-- \/ Yoast SEO plugin. -->","yoast_head_json":{"title":"Cambio de horario en Espa\u00f1a - Opinea","robots":{"index":"index","follow":"follow","max-snippet":"max-snippet:-1","max-image-preview":"max-image-preview:large","max-video-preview":"max-video-preview:-1"},"canonical":"https:\/\/www.opinea.com\/es\/actualidad\/casi-el-70-de-espanoles-a-favor-de-cambiar-el-uso-horario-y-ponerlo-con-el-de-londres\/","og_locale":"es_ES","og_type":"article","og_title":"Cambio de horario en Espa\u00f1a - Opinea","og_description":"El pasado 26 de septiembre la Comisi\u00f3n de Igualdad del Congreso aprob\u00f3 un informe en el que se pide al Gobierno conocer la incidencia de un posible cambio de uso horario en Espa\u00f1a, si este se vinculara de nuevo al que marca justo el meridiano de Greenwich, es decir, una hora menos al horario actual [&hellip;]","og_url":"https:\/\/www.opinea.com\/es\/actualidad\/casi-el-70-de-espanoles-a-favor-de-cambiar-el-uso-horario-y-ponerlo-con-el-de-londres\/","og_site_name":"Opinea","article_published_time":"2015-05-04T14:08:39+00:00","article_modified_time":"2023-09-12T08:25:19+00:00","og_image":[{"width":1922,"height":680,"url":"https:\/\/www.opinea.com\/wp-content\/uploads\/2015\/05\/horloge.jpg","type":"image\/jpeg"}],"author":"Alex","twitter_card":"summary_large_image","twitter_misc":{"Escrito por":"Alex","Tiempo de lectura":"2 minutos"},"schema":{"@context":"https:\/\/schema.org","@graph":[{"@type":"Article","@id":"https:\/\/www.opinea.com\/es\/actualidad\/casi-el-70-de-espanoles-a-favor-de-cambiar-el-uso-horario-y-ponerlo-con-el-de-londres\/#article","isPartOf":{"@id":"https:\/\/www.opinea.com\/es\/actualidad\/casi-el-70-de-espanoles-a-favor-de-cambiar-el-uso-horario-y-ponerlo-con-el-de-londres\/"},"author":{"name":"Alex","@id":"https:\/\/www.opinea.com\/es\/#\/schema\/person\/341d4bd7338c9c1a8506abe3d472e339"},"headline":"Cambio de horario en Espa\u00f1a","datePublished":"2015-05-04T14:08:39+00:00","dateModified":"2023-09-12T08:25:19+00:00","mainEntityOfPage":{"@id":"https:\/\/www.opinea.com\/es\/actualidad\/casi-el-70-de-espanoles-a-favor-de-cambiar-el-uso-horario-y-ponerlo-con-el-de-londres\/"},"wordCount":379,"publisher":{"@id":"https:\/\/www.opinea.com\/es\/#organization"},"articleSection":["Actualidad"],"inLanguage":"es"},{"@type":"WebPage","@id":"https:\/\/www.opinea.com\/es\/actualidad\/casi-el-70-de-espanoles-a-favor-de-cambiar-el-uso-horario-y-ponerlo-con-el-de-londres\/","url":"https:\/\/www.opinea.com\/es\/actualidad\/casi-el-70-de-espanoles-a-favor-de-cambiar-el-uso-horario-y-ponerlo-con-el-de-londres\/","name":"Cambio de horario en Espa\u00f1a - Opinea","isPartOf":{"@id":"https:\/\/www.opinea.com\/es\/#website"},"datePublished":"2015-05-04T14:08:39+00:00","dateModified":"2023-09-12T08:25:19+00:00","breadcrumb":{"@id":"https:\/\/www.opinea.com\/es\/actualidad\/casi-el-70-de-espanoles-a-favor-de-cambiar-el-uso-horario-y-ponerlo-con-el-de-londres\/#breadcrumb"},"inLanguage":"es","potentialAction":[{"@type":"ReadAction","target":["https:\/\/www.opinea.com\/es\/actualidad\/casi-el-70-de-espanoles-a-favor-de-cambiar-el-uso-horario-y-ponerlo-con-el-de-londres\/"]}]},{"@type":"BreadcrumbList","@id":"https:\/\/www.opinea.com\/es\/actualidad\/casi-el-70-de-espanoles-a-favor-de-cambiar-el-uso-horario-y-ponerlo-con-el-de-londres\/#breadcrumb","itemListElement":[{"@type":"ListItem","position":1,"name":"Inicio","item":"https:\/\/www.opinea.com\/es\/"},{"@type":"ListItem","position":2,"name":"Cambio de horario en Espa\u00f1a"}]},{"@type":"WebSite","@id":"https:\/\/www.opinea.com\/es\/#website","url":"https:\/\/www.opinea.com\/es\/","name":"Opin\u00e9a","description":"Institut d\u2019\u00e9tudes marketing","publisher":{"@id":"https:\/\/www.opinea.com\/es\/#organization"},"potentialAction":[{"@type":"SearchAction","target":{"@type":"EntryPoint","urlTemplate":"https:\/\/www.opinea.com\/es\/?s={search_term_string}"},"query-input":"required name=search_term_string"}],"inLanguage":"es"},{"@type":"Organization","@id":"https:\/\/www.opinea.com\/es\/#organization","name":"Opin\u00e9a","url":"https:\/\/www.opinea.com\/es\/","logo":{"@type":"ImageObject","inLanguage":"es","@id":"https:\/\/www.opinea.com\/es\/#\/schema\/logo\/image\/","url":"","contentUrl":"","caption":"Opin\u00e9a"},"image":{"@id":"https:\/\/www.opinea.com\/es\/#\/schema\/logo\/image\/"},"sameAs":["https:\/\/fr.linkedin.com\/company\/opinea"]},{"@type":"Person","@id":"https:\/\/www.opinea.com\/es\/#\/schema\/person\/341d4bd7338c9c1a8506abe3d472e339","name":"Alex","image":{"@type":"ImageObject","inLanguage":"es","@id":"https:\/\/www.opinea.com\/es\/#\/schema\/person\/image\/","url":"https:\/\/secure.gravatar.com\/avatar\/46ce3ad066004b23b164448491788201?s=96&d=mm&r=g","contentUrl":"https:\/\/secure.gravatar.com\/avatar\/46ce3ad066004b23b164448491788201?s=96&d=mm&r=g","caption":"Alex"}}]}},"_links":{"self":[{"href":"https:\/\/www.opinea.com\/es\/wp-json\/wp\/v2\/posts\/3179"}],"collection":[{"href":"https:\/\/www.opinea.com\/es\/wp-json\/wp\/v2\/posts"}],"about":[{"href":"https:\/\/www.opinea.com\/es\/wp-json\/wp\/v2\/types\/post"}],"author":[{"embeddable":true,"href":"https:\/\/www.opinea.com\/es\/wp-json\/wp\/v2\/users\/8"}],"replies":[{"embeddable":true,"href":"https:\/\/www.opinea.com\/es\/wp-json\/wp\/v2\/comments?post=3179"}],"version-history":[{"count":2,"href":"https:\/\/www.opinea.com\/es\/wp-json\/wp\/v2\/posts\/3179\/revisions"}],"predecessor-version":[{"id":4483,"href":"https:\/\/www.opinea.com\/es\/wp-json\/wp\/v2\/posts\/3179\/revisions\/4483"}],"wp:featuredmedia":[{"embeddable":true,"href":"https:\/\/www.opinea.com\/es\/wp-json\/wp\/v2\/media\/4319"}],"wp:attachment":[{"href":"https:\/\/www.opinea.com\/es\/wp-json\/wp\/v2\/media?parent=3179"}],"wp:term":[{"taxonomy":"category","embeddable":true,"href":"https:\/\/www.opinea.com\/es\/wp-json\/wp\/v2\/categories?post=3179"},{"taxonomy":"post_tag","embeddable":true,"href":"https:\/\/www.opinea.com\/es\/wp-json\/wp\/v2\/tags?post=3179"}],"curies":[{"name":"wp","href":"https:\/\/api.w.org\/{rel}","templated":true}]}}